[{"@context":"https:\/\/schema.org\/","@type":"Article","@id":"https:\/\/www.zemezena.cz\/zmena-v-rizeni-o-rodicovsky-prispevek-od-1-7-2019\/#Article","mainEntityOfPage":"https:\/\/www.zemezena.cz\/zmena-v-rizeni-o-rodicovsky-prispevek-od-1-7-2019\/","headline":"Zm\u011bna v \u0159\u00edzen\u00ed o rodi\u010dovsk\u00fd p\u0159\u00edsp\u011bvek od 1. 7.2019","name":"Zm\u011bna v \u0159\u00edzen\u00ed o rodi\u010dovsk\u00fd p\u0159\u00edsp\u011bvek od 1. 7.2019","description":"Mil\u00e9 maminky, kone\u010dn\u011b do\u0161lo k\u00a0dlouho o\u010dek\u00e1van\u00e9 zm\u011bn\u011b, a to v\u00a0dokl\u00e1d\u00e1n\u00ed podklad\u016f, pokud \u017e\u00e1d\u00e1te o rodi\u010dovsk\u00fd p\u0159\u00edsp\u011bvek na \u00fa\u0159adu pr\u00e1ce. Maminka, kter\u00e9 skon\u010dila pen\u011b\u017eit\u00e1 pomoc v\u00a0mate\u0159stv\u00ed (lidov\u011b mate\u0159sk\u00e1), vznik\u00e1 n\u00e1rok na rodi\u010dovsk\u00fd p\u0159\u00edsp\u011bvek. O ten se \u017e\u00e1d\u00e1 na kontaktn\u00edm pracovi\u0161ti \u00fa\u0159adu pr\u00e1ce, kde v\u00e1m \u00fa\u0159ednice p\u0159ed\u00e1 k\u00a0vypln\u011bn\u00ed\u00a0 \u201e\u017d\u00e1dost o rodi\u010dovsk\u00fd p\u0159\u00edsp\u011bvek\u201c \u00a0a z\u00e1rove\u0148 \u2013 pokud na [&hellip;]","datePublished":"2019-05-11","dateModified":"2023-05-01","author":{"@type":"Person","@id":"https:\/\/www.zemezena.cz\/author\/#Person","name":"","url":"https:\/\/www.zemezena.cz\/author\/","identifier":1,"image":{"@type":"ImageObject","@id":"https:\/\/secure.gravatar.com\/avatar\/da76ffe9456a057fb26f92cd8eb3d2effca853864e9ae2a35290bd1e10b1f7d4?s=96&d=mm&r=g","url":"https:\/\/secure.gravatar.com\/avatar\/da76ffe9456a057fb26f92cd8eb3d2effca853864e9ae2a35290bd1e10b1f7d4?s=96&d=mm&r=g","height":96,"width":96}},"publisher":{"@type":"Organization","name":"zemezena.cz","logo":{"@type":"ImageObject","@id":"\/logo.png","url":"\/logo.png","width":600,"height":60}},"image":{"@type":"ImageObject","@id":"https:\/\/www.zemezena.cz\/wp-content\/uploads\/img_a349651_w2606_t1564573808.jpg","url":"https:\/\/www.zemezena.cz\/wp-content\/uploads\/img_a349651_w2606_t1564573808.jpg","height":0,"width":0},"url":"https:\/\/www.zemezena.cz\/zmena-v-rizeni-o-rodicovsky-prispevek-od-1-7-2019\/","about":["Www"],"wordCount":532,"articleBody":"Mil\u00e9 maminky, kone\u010dn\u011b do\u0161lo k\u00a0dlouho o\u010dek\u00e1van\u00e9 zm\u011bn\u011b, a to v\u00a0dokl\u00e1d\u00e1n\u00ed podklad\u016f, pokud \u017e\u00e1d\u00e1te o rodi\u010dovsk\u00fd p\u0159\u00edsp\u011bvek na \u00fa\u0159adu pr\u00e1ce.Maminka, kter\u00e9 skon\u010dila pen\u011b\u017eit\u00e1 pomoc v\u00a0mate\u0159stv\u00ed (lidov\u011b mate\u0159sk\u00e1), vznik\u00e1 n\u00e1rok na rodi\u010dovsk\u00fd p\u0159\u00edsp\u011bvek.O ten se \u017e\u00e1d\u00e1 na kontaktn\u00edm pracovi\u0161ti \u00fa\u0159adu pr\u00e1ce, kde v\u00e1m \u00fa\u0159ednice p\u0159ed\u00e1 k\u00a0vypln\u011bn\u00ed\u00a0 \u201e\u017d\u00e1dost o rodi\u010dovsk\u00fd p\u0159\u00edsp\u011bvek\u201c \u00a0a z\u00e1rove\u0148 \u2013 pokud na to nejste p\u0159ipravena a nem\u00e1te dal\u0161\u00ed formul\u00e1\u0159 vypln\u011bn\u00fd sebou: \u201ePotvrzen\u00ed o n\u00e1roku na d\u00e1vky (n\u00e1hradu p\u0159\u00edjmu) ovliv\u0148uj\u00edc\u00ed n\u00e1rok a v\u00fd\u0161i rodi\u010dovsk\u00e9ho p\u0159\u00edsp\u011bvku\u201c.Maminky jsou zpravidla zam\u011bstn\u00e1ny p\u00e9\u010d\u00ed o novorozence a nev\u011bd\u00ed p\u0159esn\u011b jak\u00e9 doklady mus\u00ed dodat p\u0159i \u017e\u00e1dosti o p\u0159izn\u00e1n\u00ed rodi\u010dovsk\u00e9ho p\u0159\u00edsp\u011bvku. Vystoj\u00ed frontu na \u00fa\u0159ad\u011b, v\u011bt\u0161inou s\u00a0miminkem, a nakonec se dozv\u00ed, \u017ee j\u00ed chyb\u00ed v\u00a0po\u0159ad\u00ed dal\u0161\u00ed formul\u00e1\u0159! Pokud maminka m\u011bla n\u00e1rok na mate\u0159skou, pak mus\u00ed k\u00a0\u017e\u00e1dosti o rodi\u010dovsky p\u0159\u00edsp\u011bvek dolo\u017eit i formul\u00e1\u0159 \u201ePotvrzen\u00ed o n\u00e1roku na d\u00e1vky (n\u00e1hradu p\u0159\u00edjm\u016f) ovliv\u0148uj\u00edc\u00edch n\u00e1rok a v\u00fd\u0161i rodi\u010dovsk\u00e9ho p\u0159\u00edsp\u011bvku\u201c. Ten obdr\u017e\u00ed a\u017e na \u00fa\u0159adu pr\u00e1ce a mus\u00ed zab\u011bhnout na okresn\u00ed spr\u00e1vu soci\u00e1ln\u00edho zabezpe\u010den\u00ed (ke kter\u00e9 sv\u00fdm zam\u011bstnavatelem \u201espad\u00e1\u201c) a nechat si tento formul\u00e1\u0159 potvrdit. Okresn\u00ed spr\u00e1va soci\u00e1ln\u00edho zabezpe\u010den\u00ed formul\u00e1\u0159 potvrd\u00ed ke dni narozen\u00ed d\u00edt\u011bte, tzn., \u017ee potvrd\u00ed denn\u00ed vym\u011b\u0159ovac\u00ed z\u00e1klad a denn\u00ed d\u00e1vku mate\u0159sk\u00e9. Pot\u00e9 se maminka op\u011bt vrac\u00ed na \u00fa\u0159ad pr\u00e1ce, zpravidla op\u011bt vystoj\u00ed frontu a dolo\u017e\u00ed na \u00fa\u0159ad pr\u00e1ce ke sv\u00e9 \u017e\u00e1dosti o p\u0159izn\u00e1n\u00ed rodi\u010dovsk\u00e9ho p\u0159\u00edsp\u011bvku.Mil\u00e9 maminky, tomuto koloto\u010di je od 1. \u010dervence 2019 konec! P\u0159\u00edslu\u0161n\u00e9 \u00fa\u0159ady pr\u00e1ce jsou kone\u010dn\u011b propojeny, co se t\u00fdk\u00e1 nov\u011b i mate\u0159sk\u00fdch, s\u00a0okresn\u00edmi spr\u00e1vami soci\u00e1ln\u00edho zabezpe\u010den\u00ed a ji\u017e nemus\u00edte od 1. 7. 2019 dokl\u00e1dat \u201epap\u00edrov\u00e9\u201c potvrzen\u00ed o v\u00fd\u0161i va\u0161eho vym\u011b\u0159ovac\u00edho z\u00e1kladu potvrzen\u00fd \u201esoci\u00e1lkou\u201c (v p\u0159\u00edpad\u011b, \u017ee v\u00e1m n\u00e1rok na mate\u0159skou vznikl). \u00da\u0159ady si tento \u00fadaj sehraj\u00ed a dle informac\u00ed by se m\u011bla informace sehr\u00e1t do 24 hodin.Tak\u017ee skv\u011bl\u00e1 novinka!Pro vysv\u011btlenou: Potvrzen\u00ed je pot\u0159ebn\u00e9 pro n\u00e1sledn\u00e9 stanoven\u00ed v\u00fd\u0161e rodi\u010dovsk\u00e9ho p\u0159\u00edsp\u011bvku na \u00fa\u0159adu pr\u00e1ce. Maminka, kter\u00e9 vznikl n\u00e1rok na mate\u0159skou, si m\u016f\u017ee zvolit maxim\u00e1ln\u00ed mo\u017enou m\u011bs\u00ed\u010dn\u00ed d\u00e1vku rodi\u010dovsk\u00e9ho p\u0159\u00edsp\u011bvku ve v\u00fd\u0161i 30n\u00e1sobku vym\u011b\u0159ovac\u00edho z\u00e1kladu, kter\u00fd potvrdila okresn\u00ed spr\u00e1va soci\u00e1ln\u00edho zabezpe\u010den\u00ed, ale z\u00a0toho jen 70 %.Anebo, pokud maminka nesp\u011bch\u00e1 s\u00a0vy\u010derp\u00e1n\u00edm rodi\u010dovsk\u00e9ho p\u0159\u00edsp\u011bvku, zvol\u00ed si \u010derp\u00e1n\u00ed r\u016fzn\u011b \u2013 tak jak pot\u0159ebuje, nap\u0159. do 2 let, do 3 let \u2013 a\u017e 4 let v\u011bku d\u00edt\u011bte.                                                                                                                                                                                                                                                                                                                                                                                        4.5\/5 - (4 votes)        "},{"@context":"https:\/\/schema.org\/","@type":"BreadcrumbList","itemListElement":[{"@type":"ListItem","position":1,"name":"Zm\u011bna v \u0159\u00edzen\u00ed o rodi\u010dovsk\u00fd p\u0159\u00edsp\u011bvek od 1. 7.2019","item":"https:\/\/www.zemezena.cz\/zmena-v-rizeni-o-rodicovsky-prispevek-od-1-7-2019\/#breadcrumbitem"}]}]