[{"@context":"https:\/\/schema.org\/","@type":"Article","@id":"https:\/\/www.zemezena.cz\/stehovani-kladno-muzete-provest-svepomoci-ale-i-s-profesionaly\/#Article","mainEntityOfPage":"https:\/\/www.zemezena.cz\/stehovani-kladno-muzete-provest-svepomoci-ale-i-s-profesionaly\/","headline":"St\u011bhov\u00e1n\u00ed Kladno m\u016f\u017eete prov\u00e9st sv\u00e9pomoc\u00ed, ale i s profesion\u00e1ly","name":"St\u011bhov\u00e1n\u00ed Kladno m\u016f\u017eete prov\u00e9st sv\u00e9pomoc\u00ed, ale i s profesion\u00e1ly","description":"St\u011bhov\u00e1n\u00ed je n\u00e1ro\u010dn\u00fd \u017eivotn\u00ed krok, o tom m\u00e1lokdo pochybuje, a jen n\u011bkte\u0159\u00ed psychicky odoln\u00ed a fyzicky zdatn\u00ed jedinci si troufnou absolvovat vyst\u011bhov\u00e1n\u00ed cel\u00e9ho bytu v\u010detn\u011b n\u00e1bytku a spot\u0159ebi\u010d\u016f. Z\u00e1rove\u0148 je v\u0161ak mo\u017en\u00e9 vyu\u017e\u00edt zku\u0161enost\u00ed profesion\u00e1l\u016f a najmout si je na tu nejobt\u00ed\u017en\u011bj\u0161\u00ed \u010d\u00e1st cel\u00e9ho procesu. St\u011bhov\u00e1ci nejsou amat\u00e9\u0159i D\u0159\u00edve se t\u00e9to n\u00e1ro\u010dn\u00e9 profesi v\u011bnovali lid\u00e9, [&hellip;]","datePublished":"2020-03-08","dateModified":"2023-05-01","author":{"@type":"Person","@id":"https:\/\/www.zemezena.cz\/author\/#Person","name":"","url":"https:\/\/www.zemezena.cz\/author\/","identifier":1,"image":{"@type":"ImageObject","@id":"https:\/\/secure.gravatar.com\/avatar\/da76ffe9456a057fb26f92cd8eb3d2effca853864e9ae2a35290bd1e10b1f7d4?s=96&d=mm&r=g","url":"https:\/\/secure.gravatar.com\/avatar\/da76ffe9456a057fb26f92cd8eb3d2effca853864e9ae2a35290bd1e10b1f7d4?s=96&d=mm&r=g","height":96,"width":96}},"publisher":{"@type":"Organization","name":"zemezena.cz","logo":{"@type":"ImageObject","@id":"\/logo.png","url":"\/logo.png","width":600,"height":60}},"image":{"@type":"ImageObject","@id":"https:\/\/www.zemezena.cz\/wp-content\/uploads\/balen%C3%AD%20v%C4%9Bc%C3%AD.jpg","url":"https:\/\/www.zemezena.cz\/wp-content\/uploads\/balen%C3%AD%20v%C4%9Bc%C3%AD.jpg","height":0,"width":0},"url":"https:\/\/www.zemezena.cz\/stehovani-kladno-muzete-provest-svepomoci-ale-i-s-profesionaly\/","about":["Podnik\u00e1n\u00ed"],"wordCount":465,"articleBody":"   St\u011bhov\u00e1n\u00ed je n\u00e1ro\u010dn\u00fd \u017eivotn\u00ed krok, o tom m\u00e1lokdo pochybuje, a jen n\u011bkte\u0159\u00ed psychicky odoln\u00ed a fyzicky zdatn\u00ed jedinci si troufnou absolvovat vyst\u011bhov\u00e1n\u00ed cel\u00e9ho bytu v\u010detn\u011b n\u00e1bytku a spot\u0159ebi\u010d\u016f. Z\u00e1rove\u0148 je v\u0161ak mo\u017en\u00e9 vyu\u017e\u00edt zku\u0161enost\u00ed profesion\u00e1l\u016f a najmout si je na tu nejobt\u00ed\u017en\u011bj\u0161\u00ed \u010d\u00e1st cel\u00e9ho procesu.St\u011bhov\u00e1ci nejsou amat\u00e9\u0159iD\u0159\u00edve se t\u00e9to n\u00e1ro\u010dn\u00e9 profesi v\u011bnovali lid\u00e9, kte\u0159\u00ed m\u011bli bl\u00edzko k silov\u00fdm sportovn\u00edm discipl\u00edn\u00e1m \u2013 atleti, kulturist\u00e9, vzp\u011bra\u010di a z\u00e1pasn\u00edci. Ne v\u017edy v\u0161ak pod\u00e1vali profesion\u00e1ln\u00ed v\u00fdkon a st\u00e1valo se, \u017ee doch\u00e1zelo k po\u0161kozen\u00ed n\u00e1bytku nebo spot\u0159ebi\u010d\u016f. Od t\u00e9 doby v\u0161ak uplynulo n\u011bkolik des\u00edtek let, sou\u010dasn\u00e9 st\u011bhovac\u00ed firmy se sna\u017e\u00ed udr\u017eet pozornost z\u00e1kazn\u00edka a doc\u00edlit co nejlep\u0161\u00edch referenc\u00ed. V t\u00e9to oblasti toti\u017e panuje siln\u00e1 konkurence, a kdo chce usp\u011bt, nesm\u00ed ke klientovi p\u0159istupovat jako amat\u00e9r.St\u011bhov\u00e1n\u00ed Kladno pak prob\u00edh\u00e1 v p\u0159esn\u00e9m sledu \u2013 z\u00e1stupce firmy zmapuje ter\u00e9n na m\u00edst\u011b a navrhne optim\u00e1ln\u00ed \u0159e\u0161en\u00ed \u2013 velikost vozidla, po\u010det zam\u011bstnanc\u016f, speci\u00e1ln\u00ed pom\u016fcky pro nadrozm\u011brn\u00fd n\u00e1klad, balic\u00ed materi\u00e1l, p\u0159est\u011bhov\u00e1n\u00ed cenn\u00fdch p\u0159edm\u011bt\u016f a staro\u017eitnost\u00ed, a samoz\u0159ejm\u011b \u010dasov\u00e9 rozvr\u017een\u00ed jednotliv\u00fdch f\u00e1z\u00ed cel\u00e9 operace. Nesm\u00edte zapom\u00ednat i na parkovac\u00ed m\u00edsto, co\u017e b\u00fdv\u00e1 probl\u00e9m zvl\u00e1\u0161t\u011b v centru v\u011bt\u0161\u00edch m\u011bst.Popisujte v\u0161echny krabice z bokuJedn\u00edm ze zlozvyk\u016f v p\u0159\u00edpravn\u00e9 f\u00e1zi st\u011bhov\u00e1n\u00ed je sp\u011bch a nedostatek \u010dasu na balen\u00ed v\u011bc\u00ed. Jestli\u017ee do krabic v\u0161e nah\u00e1z\u00edte tak, jak v\u00e1m p\u0159edm\u011bty p\u0159ich\u00e1z\u00ed pod ruku, o\u010dek\u00e1vejte zna\u010dn\u00fd chaos, a\u017e budete jednu po druh\u00e9 postupn\u011b vybalovat. Je dobr\u00e9 si uv\u011bdomit, \u017ee m\u00e1te na za\u010d\u00e1tku balen\u00ed dostatek sil, ale zejm\u00e9na ty psychick\u00e9 budou \u010dasem ub\u00fdvat a nejobt\u00ed\u017en\u011bj\u0161\u00ed obdob\u00ed m\u00e1te teprve p\u0159ed sebou. Toho jsou si dob\u0159e v\u011bdomi i psychologov\u00e9, kte\u0159\u00ed v\u00e1m potvrd\u00ed, \u017ee dva dny po nast\u011bhov\u00e1n\u00ed nar\u016fst\u00e1 po\u010det depres\u00ed a \u00fazkost\u00ed a lid\u00e9 pak sahaj\u00ed i po sklence alkoholu, a to docela zbyte\u010dn\u011b. P\u0159itom sta\u010d\u00ed dob\u0159e zorganizovat pr\u00e1ci, balit v\u0161e v p\u0159edstihu alespo\u0148 dvout\u00fddenn\u00edm, popisovat ka\u017edou z krabic z boku (naho\u0159e v\u00e1m to nebude k ni\u010demu) a m\u00edt p\u0159ipraven\u00fd p\u0159esn\u00fd harmonogram cel\u00e9 akce, v sou\u010dinnosti se st\u011bhovac\u00ed firmou.                                                                                                                                                                                                                                                                                                                                                                                          4.7\/5 - (10 votes)        "},{"@context":"https:\/\/schema.org\/","@type":"BreadcrumbList","itemListElement":[{"@type":"ListItem","position":1,"name":"St\u011bhov\u00e1n\u00ed Kladno m\u016f\u017eete prov\u00e9st sv\u00e9pomoc\u00ed, ale i s profesion\u00e1ly","item":"https:\/\/www.zemezena.cz\/stehovani-kladno-muzete-provest-svepomoci-ale-i-s-profesionaly\/#breadcrumbitem"}]}]