[{"@context":"https:\/\/schema.org\/","@type":"Article","@id":"https:\/\/www.zemezena.cz\/s-tymito-produktmi-si-uzijete-to-prave-orechove\/#Article","mainEntityOfPage":"https:\/\/www.zemezena.cz\/s-tymito-produktmi-si-uzijete-to-prave-orechove\/","headline":"S t\u00fdmito produktmi si u\u017eijete to prav\u00e9 orechov\u00e9","name":"S t\u00fdmito produktmi si u\u017eijete to prav\u00e9 orechov\u00e9","description":"N\u00e1jdite si webov\u00e9 str\u00e1nky euro mobiln\u00fdch domov a vyberajte medzi mnoh\u00fdmi variantmi. Nav\u0161t\u00edvte kompletn\u00fa prehliadku produktov, alebo sa zamerajte len na lacn\u00e9 ponuky a chatky. S\u00fa pre v\u00e1s prichystan\u00e9 aj mo\u017enosti k celoro\u010dn\u00e9mu u\u017e\u00edvaniu. Z\u00e1le\u017e\u00ed len na va\u0161om smere n\u00e1kupu. Nev\u00e1hajte sa na \u010doko\u013evek op\u00fdta\u0165 pracovn\u00edkov firmy! B\u00fdvanie je ur\u010den\u00e9 prav\u0161echny vekov\u00e9 skupiny \u013eudia U\u017e [&hellip;]","datePublished":"2025-09-01","dateModified":"2025-09-01","author":{"@type":"Person","@id":"https:\/\/www.zemezena.cz\/author\/#Person","name":"","url":"https:\/\/www.zemezena.cz\/author\/","identifier":1,"image":{"@type":"ImageObject","@id":"https:\/\/secure.gravatar.com\/avatar\/da76ffe9456a057fb26f92cd8eb3d2effca853864e9ae2a35290bd1e10b1f7d4?s=96&d=mm&r=g","url":"https:\/\/secure.gravatar.com\/avatar\/da76ffe9456a057fb26f92cd8eb3d2effca853864e9ae2a35290bd1e10b1f7d4?s=96&d=mm&r=g","height":96,"width":96}},"publisher":{"@type":"Organization","name":"zemezena.cz","logo":{"@type":"ImageObject","@id":"\/logo.png","url":"\/logo.png","width":600,"height":60}},"url":"https:\/\/www.zemezena.cz\/s-tymito-produktmi-si-uzijete-to-prave-orechove\/","wordCount":149,"articleBody":" N\u00e1jdite si webov\u00e9 str\u00e1nky euro mobiln\u00fdch domov a vyberajte medzi mnoh\u00fdmi variantmi. Nav\u0161t\u00edvte kompletn\u00fa prehliadku produktov, alebo sa zamerajte len na lacn\u00e9 ponuky a chatky. S\u00fa pre v\u00e1s prichystan\u00e9 aj mo\u017enosti k celoro\u010dn\u00e9mu u\u017e\u00edvaniu. Z\u00e1le\u017e\u00ed len na va\u0161om smere n\u00e1kupu. Nev\u00e1hajte sa na \u010doko\u013evek op\u00fdta\u0165 pracovn\u00edkov firmy! B\u00fdvanie je ur\u010den\u00e9 prav\u0161echny vekov\u00e9 skupiny \u013eudia U\u017e ste po\u010duli o \u0161irokom pou\u017eit\u00ed t\u00fdchto seri\u00f3znych produktov? S mobiln\u00fdmi domy m\u00f4\u017eete b\u00fdva\u0165, podnika\u0165 aj odpo\u010d\u00edva\u0165! Nie je to \u00fa\u017easn\u00e9? Vrhnite sa do v\u00fdberu, ktor\u00fd m\u00e1 pre v\u0161etky in\u00fd v\u00fdznam. \u010ci u\u017e sa rozhodnete pre ak\u00e9ko\u013evek zameranie, v\u017edy budete nadmieru spokojn\u00ed s u\u017e\u00edvan\u00edm a funkciami. Vybaven\u00e9 alebo pr\u00e1zdne varianty s\u00fa k dispoz\u00edcii pod\u013ea predstavy.                                                                                                                                                                                                                                                                                                                                                                                                 "},{"@context":"https:\/\/schema.org\/","@type":"BreadcrumbList","itemListElement":[{"@type":"ListItem","position":1,"name":"S t\u00fdmito produktmi si u\u017eijete to prav\u00e9 orechov\u00e9","item":"https:\/\/www.zemezena.cz\/s-tymito-produktmi-si-uzijete-to-prave-orechove\/#breadcrumbitem"}]}]