[{"@context":"https:\/\/schema.org\/","@type":"Blog","@id":"https:\/\/www.zemezena.cz#Blog","headline":"Zem\u011b \u017eena","description":"\nNe\u017e zav\u00edt\u00e1te na n\u00e1\u0161 web, p\u0159ipravte si telefon s p\u0159ipravenou p\u0159edvolbou \u010d\u00edsla 155. To aby v\u00e1s p\u0159\u00edpadn\u011b p\u0159ijeli v\u010das zachr\u00e1nit, a\u017e byste kv\u016fli na\u0161emu webu pukli sm\u00edchy.","url":"https:\/\/www.zemezena.cz","hasPart":[{"@type":"Article","@id":"https:\/\/www.zemezena.cz\/zabezpecte-svou-garaz-pred-zlodeji-a-pozarem\/","headline":"Zabezpe\u010dte svou gar\u00e1\u017e p\u0159ed zlod\u011bji a po\u017e\u00e1rem","url":"https:\/\/www.zemezena.cz\/zabezpecte-svou-garaz-pred-zlodeji-a-pozarem\/","datePublished":"2024-08-23","dateModified":"2024-08-23","mainEntityOfPage":"https:\/\/www.zemezena.cz\/zabezpecte-svou-garaz-pred-zlodeji-a-pozarem\/","author":{"@type":"Person","@id":"https:\/\/www.zemezena.cz\/author\/#Person","name":"","url":"https:\/\/www.zemezena.cz\/author\/","identifier":1,"image":{"@type":"ImageObject","@id":"https:\/\/secure.gravatar.com\/avatar\/da76ffe9456a057fb26f92cd8eb3d2effca853864e9ae2a35290bd1e10b1f7d4?s=96&d=mm&r=g","url":"https:\/\/secure.gravatar.com\/avatar\/da76ffe9456a057fb26f92cd8eb3d2effca853864e9ae2a35290bd1e10b1f7d4?s=96&d=mm&r=g","height":96,"width":96}},"publisher":{"@type":"Organization","name":"zemezena.cz","logo":{"@type":"ImageObject","@id":"\/logo.png","url":"\/logo.png","width":600,"height":60}},"image":{"@type":"ImageObject","@id":"https:\/\/www.zemezena.cz\/wp-content\/uploads\/property-7046997_640_9.jpg","url":"https:\/\/www.zemezena.cz\/wp-content\/uploads\/property-7046997_640_9.jpg","height":0,"width":0},"wordCount":620,"keywords":null},{"@type":"Article","@id":"https:\/\/www.zemezena.cz\/bazen-neni-vsechno\/","headline":"Baz\u00e9n nen\u00ed v\u0161echno","url":"https:\/\/www.zemezena.cz\/bazen-neni-vsechno\/","datePublished":"2024-07-27","dateModified":"2024-07-27","mainEntityOfPage":"https:\/\/www.zemezena.cz\/bazen-neni-vsechno\/","author":{"@type":"Person","@id":"https:\/\/www.zemezena.cz\/author\/#Person","name":"","url":"https:\/\/www.zemezena.cz\/author\/","identifier":1,"image":{"@type":"ImageObject","@id":"https:\/\/secure.gravatar.com\/avatar\/da76ffe9456a057fb26f92cd8eb3d2effca853864e9ae2a35290bd1e10b1f7d4?s=96&d=mm&r=g","url":"https:\/\/secure.gravatar.com\/avatar\/da76ffe9456a057fb26f92cd8eb3d2effca853864e9ae2a35290bd1e10b1f7d4?s=96&d=mm&r=g","height":96,"width":96}},"publisher":{"@type":"Organization","name":"zemezena.cz","logo":{"@type":"ImageObject","@id":"\/logo.png","url":"\/logo.png","width":600,"height":60}},"image":{"@type":"ImageObject","@id":"https:\/\/www.zemezena.cz\/wp-content\/uploads\/bbb_10_8.jpg","url":"https:\/\/www.zemezena.cz\/wp-content\/uploads\/bbb_10_8.jpg","height":0,"width":0},"wordCount":623,"keywords":null},{"@type":"Article","@id":"https:\/\/www.zemezena.cz\/nekdy-mame-penez-malo\/","headline":"N\u011bkdy m\u00e1me pen\u011bz m\u00e1lo","url":"https:\/\/www.zemezena.cz\/nekdy-mame-penez-malo\/","datePublished":"2024-07-27","dateModified":"2024-07-27","mainEntityOfPage":"https:\/\/www.zemezena.cz\/nekdy-mame-penez-malo\/","author":{"@type":"Person","@id":"https:\/\/www.zemezena.cz\/author\/#Person","name":"","url":"https:\/\/www.zemezena.cz\/author\/","identifier":1,"image":{"@type":"ImageObject","@id":"https:\/\/secure.gravatar.com\/avatar\/da76ffe9456a057fb26f92cd8eb3d2effca853864e9ae2a35290bd1e10b1f7d4?s=96&d=mm&r=g","url":"https:\/\/secure.gravatar.com\/avatar\/da76ffe9456a057fb26f92cd8eb3d2effca853864e9ae2a35290bd1e10b1f7d4?s=96&d=mm&r=g","height":96,"width":96}},"publisher":{"@type":"Organization","name":"zemezena.cz","logo":{"@type":"ImageObject","@id":"\/logo.png","url":"\/logo.png","width":600,"height":60}},"image":{"@type":"ImageObject","@id":"https:\/\/www.zemezena.cz\/wp-content\/uploads\/pppppp_1.png","url":"https:\/\/www.zemezena.cz\/wp-content\/uploads\/pppppp_1.png","height":0,"width":0},"wordCount":600,"keywords":null},{"@type":"Article","@id":"https:\/\/www.zemezena.cz\/kryty-zastreseny-bazen\/","headline":"Kryt\u00fd, zast\u0159e\u0161en\u00fd baz\u00e9n","url":"https:\/\/www.zemezena.cz\/kryty-zastreseny-bazen\/","datePublished":"2024-05-11","dateModified":"2024-06-12","mainEntityOfPage":"https:\/\/www.zemezena.cz\/kryty-zastreseny-bazen\/","author":{"@type":"Person","@id":"https:\/\/www.zemezena.cz\/author\/#Person","name":"","url":"https:\/\/www.zemezena.cz\/author\/","identifier":1,"image":{"@type":"ImageObject","@id":"https:\/\/secure.gravatar.com\/avatar\/da76ffe9456a057fb26f92cd8eb3d2effca853864e9ae2a35290bd1e10b1f7d4?s=96&d=mm&r=g","url":"https:\/\/secure.gravatar.com\/avatar\/da76ffe9456a057fb26f92cd8eb3d2effca853864e9ae2a35290bd1e10b1f7d4?s=96&d=mm&r=g","height":96,"width":96}},"publisher":{"@type":"Organization","name":"zemezena.cz","logo":{"@type":"ImageObject","@id":"\/logo.png","url":"\/logo.png","width":600,"height":60}},"image":{"@type":"ImageObject","@id":"https:\/\/www.zemezena.cz\/wp-content\/uploads\/dog-168815_1280_4.jpg","url":"https:\/\/www.zemezena.cz\/wp-content\/uploads\/dog-168815_1280_4.jpg","height":0,"width":0},"wordCount":558,"keywords":null},{"@type":"Article","@id":"https:\/\/www.zemezena.cz\/poridte-si-take-bazen\/","headline":"Po\u0159i\u010fte si tak\u00e9 baz\u00e9n","url":"https:\/\/www.zemezena.cz\/poridte-si-take-bazen\/","datePublished":"2024-05-10","dateModified":"2024-05-10","mainEntityOfPage":"https:\/\/www.zemezena.cz\/poridte-si-take-bazen\/","author":{"@type":"Person","@id":"https:\/\/www.zemezena.cz\/author\/#Person","name":"","url":"https:\/\/www.zemezena.cz\/author\/","identifier":1,"image":{"@type":"ImageObject","@id":"https:\/\/secure.gravatar.com\/avatar\/da76ffe9456a057fb26f92cd8eb3d2effca853864e9ae2a35290bd1e10b1f7d4?s=96&d=mm&r=g","url":"https:\/\/secure.gravatar.com\/avatar\/da76ffe9456a057fb26f92cd8eb3d2effca853864e9ae2a35290bd1e10b1f7d4?s=96&d=mm&r=g","height":96,"width":96}},"publisher":{"@type":"Organization","name":"zemezena.cz","logo":{"@type":"ImageObject","@id":"\/logo.png","url":"\/logo.png","width":600,"height":60}},"image":{"@type":"ImageObject","@id":"https:\/\/www.zemezena.cz\/wp-content\/uploads\/bbbbbbbbbbbbbbbbbbb_3.jpg","url":"https:\/\/www.zemezena.cz\/wp-content\/uploads\/bbbbbbbbbbbbbbbbbbb_3.jpg","height":0,"width":0},"wordCount":624,"keywords":null},{"@type":"Article","@id":"https:\/\/www.zemezena.cz\/zrcadlo-zrcadlo-rekni\/","headline":"Zrcadlo, zrcadlo, \u0159ekni","url":"https:\/\/www.zemezena.cz\/zrcadlo-zrcadlo-rekni\/","datePublished":"2024-05-01","dateModified":"2024-05-01","mainEntityOfPage":"https:\/\/www.zemezena.cz\/zrcadlo-zrcadlo-rekni\/","author":{"@type":"Person","@id":"https:\/\/www.zemezena.cz\/author\/#Person","name":"","url":"https:\/\/www.zemezena.cz\/author\/","identifier":1,"image":{"@type":"ImageObject","@id":"https:\/\/secure.gravatar.com\/avatar\/da76ffe9456a057fb26f92cd8eb3d2effca853864e9ae2a35290bd1e10b1f7d4?s=96&d=mm&r=g","url":"https:\/\/secure.gravatar.com\/avatar\/da76ffe9456a057fb26f92cd8eb3d2effca853864e9ae2a35290bd1e10b1f7d4?s=96&d=mm&r=g","height":96,"width":96}},"publisher":{"@type":"Organization","name":"zemezena.cz","logo":{"@type":"ImageObject","@id":"\/logo.png","url":"\/logo.png","width":600,"height":60}},"image":null,"wordCount":220,"keywords":null},{"@type":"Article","@id":"https:\/\/www.zemezena.cz\/dekorace-ktere-ozivi-vas-dum\/","headline":"Dekorace, kter\u00e9 o\u017eiv\u00ed v\u00e1\u0161 d\u016fm","url":"https:\/\/www.zemezena.cz\/dekorace-ktere-ozivi-vas-dum\/","datePublished":"2024-04-25","dateModified":"2024-04-25","mainEntityOfPage":"https:\/\/www.zemezena.cz\/dekorace-ktere-ozivi-vas-dum\/","author":{"@type":"Person","@id":"https:\/\/www.zemezena.cz\/author\/#Person","name":"","url":"https:\/\/www.zemezena.cz\/author\/","identifier":1,"image":{"@type":"ImageObject","@id":"https:\/\/secure.gravatar.com\/avatar\/da76ffe9456a057fb26f92cd8eb3d2effca853864e9ae2a35290bd1e10b1f7d4?s=96&d=mm&r=g","url":"https:\/\/secure.gravatar.com\/avatar\/da76ffe9456a057fb26f92cd8eb3d2effca853864e9ae2a35290bd1e10b1f7d4?s=96&d=mm&r=g","height":96,"width":96}},"publisher":{"@type":"Organization","name":"zemezena.cz","logo":{"@type":"ImageObject","@id":"\/logo.png","url":"\/logo.png","width":600,"height":60}},"image":null,"wordCount":306,"keywords":null},{"@type":"Article","@id":"https:\/\/www.zemezena.cz\/penize-na-domecek\/","headline":"Pen\u00edze na dome\u010dek","url":"https:\/\/www.zemezena.cz\/penize-na-domecek\/","datePublished":"2024-04-20","dateModified":"2024-06-12","mainEntityOfPage":"https:\/\/www.zemezena.cz\/penize-na-domecek\/","author":{"@type":"Person","@id":"https:\/\/www.zemezena.cz\/author\/#Person","name":"","url":"https:\/\/www.zemezena.cz\/author\/","identifier":1,"image":{"@type":"ImageObject","@id":"https:\/\/secure.gravatar.com\/avatar\/da76ffe9456a057fb26f92cd8eb3d2effca853864e9ae2a35290bd1e10b1f7d4?s=96&d=mm&r=g","url":"https:\/\/secure.gravatar.com\/avatar\/da76ffe9456a057fb26f92cd8eb3d2effca853864e9ae2a35290bd1e10b1f7d4?s=96&d=mm&r=g","height":96,"width":96}},"publisher":{"@type":"Organization","name":"zemezena.cz","logo":{"@type":"ImageObject","@id":"\/logo.png","url":"\/logo.png","width":600,"height":60}},"image":{"@type":"ImageObject","@id":"https:\/\/www.zemezena.cz\/wp-content\/uploads\/ballots-1195040_640.jpg","url":"https:\/\/www.zemezena.cz\/wp-content\/uploads\/ballots-1195040_640.jpg","height":0,"width":0},"wordCount":622,"keywords":null},{"@type":"Article","@id":"https:\/\/www.zemezena.cz\/radostna-udalost-v-rodine\/","headline":"Radostn\u00e1 ud\u00e1lost v rodin\u011b?","url":"https:\/\/www.zemezena.cz\/radostna-udalost-v-rodine\/","datePublished":"2024-04-16","dateModified":"2024-04-16","mainEntityOfPage":"https:\/\/www.zemezena.cz\/radostna-udalost-v-rodine\/","author":{"@type":"Person","@id":"https:\/\/www.zemezena.cz\/author\/#Person","name":"","url":"https:\/\/www.zemezena.cz\/author\/","identifier":1,"image":{"@type":"ImageObject","@id":"https:\/\/secure.gravatar.com\/avatar\/da76ffe9456a057fb26f92cd8eb3d2effca853864e9ae2a35290bd1e10b1f7d4?s=96&d=mm&r=g","url":"https:\/\/secure.gravatar.com\/avatar\/da76ffe9456a057fb26f92cd8eb3d2effca853864e9ae2a35290bd1e10b1f7d4?s=96&d=mm&r=g","height":96,"width":96}},"publisher":{"@type":"Organization","name":"zemezena.cz","logo":{"@type":"ImageObject","@id":"\/logo.png","url":"\/logo.png","width":600,"height":60}},"image":null,"wordCount":273,"keywords":null},{"@type":"Article","@id":"https:\/\/www.zemezena.cz\/dobra-je-prave-ta-vase\/","headline":"Dobr\u00e1 je pr\u00e1v\u011b ta va\u0161e","url":"https:\/\/www.zemezena.cz\/dobra-je-prave-ta-vase\/","datePublished":"2024-04-09","dateModified":"2024-04-09","mainEntityOfPage":"https:\/\/www.zemezena.cz\/dobra-je-prave-ta-vase\/","author":{"@type":"Person","@id":"https:\/\/www.zemezena.cz\/author\/#Person","name":"","url":"https:\/\/www.zemezena.cz\/author\/","identifier":1,"image":{"@type":"ImageObject","@id":"https:\/\/secure.gravatar.com\/avatar\/da76ffe9456a057fb26f92cd8eb3d2effca853864e9ae2a35290bd1e10b1f7d4?s=96&d=mm&r=g","url":"https:\/\/secure.gravatar.com\/avatar\/da76ffe9456a057fb26f92cd8eb3d2effca853864e9ae2a35290bd1e10b1f7d4?s=96&d=mm&r=g","height":96,"width":96}},"publisher":{"@type":"Organization","name":"zemezena.cz","logo":{"@type":"ImageObject","@id":"\/logo.png","url":"\/logo.png","width":600,"height":60}},"image":null,"wordCount":294,"keywords":null}]},{"@context":"https:\/\/schema.org","@type":"WebSite","@id":"https:\/\/www.zemezena.cz\/#website","name":"Zem\u011b \u017eena","url":"https:\/\/www.zemezena.cz","potentialAction":{"@type":"SearchAction","target":"https:\/\/www.zemezena.cz\/?s={search_term_string}","query-input":"required name=search_term_string"}}]