[{"@context":"https:\/\/schema.org\/","@type":"Blog","@id":"https:\/\/www.zemezena.cz#Blog","headline":"Zem\u011b \u017eena","description":"\nNe\u017e zav\u00edt\u00e1te na n\u00e1\u0161 web, p\u0159ipravte si telefon s p\u0159ipravenou p\u0159edvolbou \u010d\u00edsla 155. To aby v\u00e1s p\u0159\u00edpadn\u011b p\u0159ijeli v\u010das zachr\u00e1nit, a\u017e byste kv\u016fli na\u0161emu webu pukli sm\u00edchy.","url":"https:\/\/www.zemezena.cz","hasPart":[{"@type":"Article","@id":"https:\/\/www.zemezena.cz\/pripravte-na-zimu-i-svou-zahradu\/","headline":"P\u0159ipravte na zimu i svou zahradu","url":"https:\/\/www.zemezena.cz\/pripravte-na-zimu-i-svou-zahradu\/","datePublished":"2025-03-05","dateModified":"2023-05-01","mainEntityOfPage":"https:\/\/www.zemezena.cz\/pripravte-na-zimu-i-svou-zahradu\/","author":{"@type":"Person","@id":"https:\/\/www.zemezena.cz\/author\/#Person","name":"","url":"https:\/\/www.zemezena.cz\/author\/","identifier":1,"image":{"@type":"ImageObject","@id":"https:\/\/secure.gravatar.com\/avatar\/da76ffe9456a057fb26f92cd8eb3d2effca853864e9ae2a35290bd1e10b1f7d4?s=96&d=mm&r=g","url":"https:\/\/secure.gravatar.com\/avatar\/da76ffe9456a057fb26f92cd8eb3d2effca853864e9ae2a35290bd1e10b1f7d4?s=96&d=mm&r=g","height":96,"width":96}},"publisher":{"@type":"Organization","name":"zemezena.cz","logo":{"@type":"ImageObject","@id":"\/logo.png","url":"\/logo.png","width":600,"height":60}},"image":{"@type":"ImageObject","@id":"https:\/\/www.zemezena.cz\/wp-content\/uploads\/img_a328287_w2606_t1540643600.jpg","url":"https:\/\/www.zemezena.cz\/wp-content\/uploads\/img_a328287_w2606_t1540643600.jpg","height":0,"width":0},"wordCount":561,"keywords":null},{"@type":"Article","@id":"https:\/\/www.zemezena.cz\/aktivity-pro-deti-v-destive-dny\/","headline":"Aktivity pro d\u011bti v de\u0161tiv\u00e9 dny","url":"https:\/\/www.zemezena.cz\/aktivity-pro-deti-v-destive-dny\/","datePublished":"2025-03-03","dateModified":"2023-05-01","mainEntityOfPage":"https:\/\/www.zemezena.cz\/aktivity-pro-deti-v-destive-dny\/","author":{"@type":"Person","@id":"https:\/\/www.zemezena.cz\/author\/#Person","name":"","url":"https:\/\/www.zemezena.cz\/author\/","identifier":1,"image":{"@type":"ImageObject","@id":"https:\/\/secure.gravatar.com\/avatar\/da76ffe9456a057fb26f92cd8eb3d2effca853864e9ae2a35290bd1e10b1f7d4?s=96&d=mm&r=g","url":"https:\/\/secure.gravatar.com\/avatar\/da76ffe9456a057fb26f92cd8eb3d2effca853864e9ae2a35290bd1e10b1f7d4?s=96&d=mm&r=g","height":96,"width":96}},"publisher":{"@type":"Organization","name":"zemezena.cz","logo":{"@type":"ImageObject","@id":"\/logo.png","url":"\/logo.png","width":600,"height":60}},"image":{"@type":"ImageObject","@id":"https:\/\/www.zemezena.cz\/wp-content\/uploads\/img_a341111_w2356_t1553885726.jpg","url":"https:\/\/www.zemezena.cz\/wp-content\/uploads\/img_a341111_w2356_t1553885726.jpg","height":0,"width":0},"wordCount":544,"keywords":null},{"@type":"Article","@id":"https:\/\/www.zemezena.cz\/kardio-vs-hiit-vecny-souboj-s-jasnym-vitezem\/","headline":"Kardio vs. HIIT \u2013 v\u011b\u010dn\u00fd souboj s jasn\u00fdm v\u00edt\u011bzem","url":"https:\/\/www.zemezena.cz\/kardio-vs-hiit-vecny-souboj-s-jasnym-vitezem\/","datePublished":"2025-03-03","dateModified":"2023-05-01","mainEntityOfPage":"https:\/\/www.zemezena.cz\/kardio-vs-hiit-vecny-souboj-s-jasnym-vitezem\/","author":{"@type":"Person","@id":"https:\/\/www.zemezena.cz\/author\/#Person","name":"","url":"https:\/\/www.zemezena.cz\/author\/","identifier":1,"image":{"@type":"ImageObject","@id":"https:\/\/secure.gravatar.com\/avatar\/da76ffe9456a057fb26f92cd8eb3d2effca853864e9ae2a35290bd1e10b1f7d4?s=96&d=mm&r=g","url":"https:\/\/secure.gravatar.com\/avatar\/da76ffe9456a057fb26f92cd8eb3d2effca853864e9ae2a35290bd1e10b1f7d4?s=96&d=mm&r=g","height":96,"width":96}},"publisher":{"@type":"Organization","name":"zemezena.cz","logo":{"@type":"ImageObject","@id":"\/logo.png","url":"\/logo.png","width":600,"height":60}},"image":{"@type":"ImageObject","@id":"https:\/\/www.zemezena.cz\/wp-content\/uploads\/img_a336929_w2606_t1550232042.jpg","url":"https:\/\/www.zemezena.cz\/wp-content\/uploads\/img_a336929_w2606_t1550232042.jpg","height":0,"width":0},"wordCount":591,"keywords":null},{"@type":"Article","@id":"https:\/\/www.zemezena.cz\/fotografie-jako-druh-zabavy\/","headline":"Fotografie jako druh z\u00e1bavy","url":"https:\/\/www.zemezena.cz\/fotografie-jako-druh-zabavy\/","datePublished":"2025-03-03","dateModified":"2023-05-01","mainEntityOfPage":"https:\/\/www.zemezena.cz\/fotografie-jako-druh-zabavy\/","author":{"@type":"Person","@id":"https:\/\/www.zemezena.cz\/author\/#Person","name":"","url":"https:\/\/www.zemezena.cz\/author\/","identifier":1,"image":{"@type":"ImageObject","@id":"https:\/\/secure.gravatar.com\/avatar\/da76ffe9456a057fb26f92cd8eb3d2effca853864e9ae2a35290bd1e10b1f7d4?s=96&d=mm&r=g","url":"https:\/\/secure.gravatar.com\/avatar\/da76ffe9456a057fb26f92cd8eb3d2effca853864e9ae2a35290bd1e10b1f7d4?s=96&d=mm&r=g","height":96,"width":96}},"publisher":{"@type":"Organization","name":"zemezena.cz","logo":{"@type":"ImageObject","@id":"\/logo.png","url":"\/logo.png","width":600,"height":60}},"image":{"@type":"ImageObject","@id":"https:\/\/www.zemezena.cz\/wp-content\/uploads\/img_a328443_w2606_t1540722305.jpg","url":"https:\/\/www.zemezena.cz\/wp-content\/uploads\/img_a328443_w2606_t1540722305.jpg","height":0,"width":0},"wordCount":557,"keywords":null},{"@type":"Article","@id":"https:\/\/www.zemezena.cz\/nejlepe-placena-sportovni-odvetvi\/","headline":"Nejl\u00e9pe placen\u00e1 sportovn\u00ed odv\u011btv\u00ed","url":"https:\/\/www.zemezena.cz\/nejlepe-placena-sportovni-odvetvi\/","datePublished":"2025-03-03","dateModified":"2023-05-01","mainEntityOfPage":"https:\/\/www.zemezena.cz\/nejlepe-placena-sportovni-odvetvi\/","author":{"@type":"Person","@id":"https:\/\/www.zemezena.cz\/author\/#Person","name":"","url":"https:\/\/www.zemezena.cz\/author\/","identifier":1,"image":{"@type":"ImageObject","@id":"https:\/\/secure.gravatar.com\/avatar\/da76ffe9456a057fb26f92cd8eb3d2effca853864e9ae2a35290bd1e10b1f7d4?s=96&d=mm&r=g","url":"https:\/\/secure.gravatar.com\/avatar\/da76ffe9456a057fb26f92cd8eb3d2effca853864e9ae2a35290bd1e10b1f7d4?s=96&d=mm&r=g","height":96,"width":96}},"publisher":{"@type":"Organization","name":"zemezena.cz","logo":{"@type":"ImageObject","@id":"\/logo.png","url":"\/logo.png","width":600,"height":60}},"image":{"@type":"ImageObject","@id":"https:\/\/www.zemezena.cz\/wp-content\/uploads\/img_a328447_w2606_t1540723998.jpg","url":"https:\/\/www.zemezena.cz\/wp-content\/uploads\/img_a328447_w2606_t1540723998.jpg","height":0,"width":0},"wordCount":4581,"keywords":null},{"@type":"Article","@id":"https:\/\/www.zemezena.cz\/bajecna-dovolena-na-jihu-cech-u-vody-a-v-kempu\/","headline":"B\u00e1je\u010dn\u00e1 dovolen\u00e1 na jihu \u010cech u vody a v kempu","url":"https:\/\/www.zemezena.cz\/bajecna-dovolena-na-jihu-cech-u-vody-a-v-kempu\/","datePublished":"2025-03-03","dateModified":"2023-05-01","mainEntityOfPage":"https:\/\/www.zemezena.cz\/bajecna-dovolena-na-jihu-cech-u-vody-a-v-kempu\/","author":{"@type":"Person","@id":"https:\/\/www.zemezena.cz\/author\/#Person","name":"","url":"https:\/\/www.zemezena.cz\/author\/","identifier":1,"image":{"@type":"ImageObject","@id":"https:\/\/secure.gravatar.com\/avatar\/da76ffe9456a057fb26f92cd8eb3d2effca853864e9ae2a35290bd1e10b1f7d4?s=96&d=mm&r=g","url":"https:\/\/secure.gravatar.com\/avatar\/da76ffe9456a057fb26f92cd8eb3d2effca853864e9ae2a35290bd1e10b1f7d4?s=96&d=mm&r=g","height":96,"width":96}},"publisher":{"@type":"Organization","name":"zemezena.cz","logo":{"@type":"ImageObject","@id":"\/logo.png","url":"\/logo.png","width":600,"height":60}},"image":{"@type":"ImageObject","@id":"https:\/\/www.zemezena.cz\/wp-content\/uploads\/img_a341462_w2606_t1554044823.jpg","url":"https:\/\/www.zemezena.cz\/wp-content\/uploads\/img_a341462_w2606_t1554044823.jpg","height":0,"width":0},"wordCount":488,"keywords":null},{"@type":"Article","@id":"https:\/\/www.zemezena.cz\/valka-o-panenky\/","headline":"V\u00e1lka o panenky","url":"https:\/\/www.zemezena.cz\/valka-o-panenky\/","datePublished":"2025-03-03","dateModified":"2023-05-01","mainEntityOfPage":"https:\/\/www.zemezena.cz\/valka-o-panenky\/","author":{"@type":"Person","@id":"https:\/\/www.zemezena.cz\/author\/#Person","name":"","url":"https:\/\/www.zemezena.cz\/author\/","identifier":1,"image":{"@type":"ImageObject","@id":"https:\/\/secure.gravatar.com\/avatar\/da76ffe9456a057fb26f92cd8eb3d2effca853864e9ae2a35290bd1e10b1f7d4?s=96&d=mm&r=g","url":"https:\/\/secure.gravatar.com\/avatar\/da76ffe9456a057fb26f92cd8eb3d2effca853864e9ae2a35290bd1e10b1f7d4?s=96&d=mm&r=g","height":96,"width":96}},"publisher":{"@type":"Organization","name":"zemezena.cz","logo":{"@type":"ImageObject","@id":"\/logo.png","url":"\/logo.png","width":600,"height":60}},"image":{"@type":"ImageObject","@id":"https:\/\/www.zemezena.cz\/wp-content\/uploads\/img_a316222_w2137_t1527150291.jpg","url":"https:\/\/www.zemezena.cz\/wp-content\/uploads\/img_a316222_w2137_t1527150291.jpg","height":0,"width":0},"wordCount":546,"keywords":null},{"@type":"Article","@id":"https:\/\/www.zemezena.cz\/kdo-by-nepotreboval-odpocinek\/","headline":"Kdo by nepot\u0159eboval odpo\u010dinek","url":"https:\/\/www.zemezena.cz\/kdo-by-nepotreboval-odpocinek\/","datePublished":"2025-03-03","dateModified":"2025-03-03","mainEntityOfPage":"https:\/\/www.zemezena.cz\/kdo-by-nepotreboval-odpocinek\/","author":{"@type":"Person","@id":"https:\/\/www.zemezena.cz\/author\/#Person","name":"","url":"https:\/\/www.zemezena.cz\/author\/","identifier":1,"image":{"@type":"ImageObject","@id":"https:\/\/secure.gravatar.com\/avatar\/da76ffe9456a057fb26f92cd8eb3d2effca853864e9ae2a35290bd1e10b1f7d4?s=96&d=mm&r=g","url":"https:\/\/secure.gravatar.com\/avatar\/da76ffe9456a057fb26f92cd8eb3d2effca853864e9ae2a35290bd1e10b1f7d4?s=96&d=mm&r=g","height":96,"width":96}},"publisher":{"@type":"Organization","name":"zemezena.cz","logo":{"@type":"ImageObject","@id":"\/logo.png","url":"\/logo.png","width":600,"height":60}},"image":null,"wordCount":225,"keywords":null},{"@type":"Article","@id":"https:\/\/www.zemezena.cz\/sbiram-sbiras-sbirame\/","headline":"Sb\u00edr\u00e1m, sb\u00edr\u00e1\u0161, sb\u00edr\u00e1me","url":"https:\/\/www.zemezena.cz\/sbiram-sbiras-sbirame\/","datePublished":"2025-03-02","dateModified":"2023-05-01","mainEntityOfPage":"https:\/\/www.zemezena.cz\/sbiram-sbiras-sbirame\/","author":{"@type":"Person","@id":"https:\/\/www.zemezena.cz\/author\/#Person","name":"","url":"https:\/\/www.zemezena.cz\/author\/","identifier":1,"image":{"@type":"ImageObject","@id":"https:\/\/secure.gravatar.com\/avatar\/da76ffe9456a057fb26f92cd8eb3d2effca853864e9ae2a35290bd1e10b1f7d4?s=96&d=mm&r=g","url":"https:\/\/secure.gravatar.com\/avatar\/da76ffe9456a057fb26f92cd8eb3d2effca853864e9ae2a35290bd1e10b1f7d4?s=96&d=mm&r=g","height":96,"width":96}},"publisher":{"@type":"Organization","name":"zemezena.cz","logo":{"@type":"ImageObject","@id":"\/logo.png","url":"\/logo.png","width":600,"height":60}},"image":{"@type":"ImageObject","@id":"https:\/\/www.zemezena.cz\/wp-content\/uploads\/img_a327318_w2606_t1539576334.jpg","url":"https:\/\/www.zemezena.cz\/wp-content\/uploads\/img_a327318_w2606_t1539576334.jpg","height":0,"width":0},"wordCount":539,"keywords":null},{"@type":"Article","@id":"https:\/\/www.zemezena.cz\/utulnejsi-a-zarivejsi-interier\/","headline":"\u00datuln\u011bj\u0161\u00ed a z\u00e1\u0159iv\u011bj\u0161\u00ed interi\u00e9r","url":"https:\/\/www.zemezena.cz\/utulnejsi-a-zarivejsi-interier\/","datePublished":"2025-02-23","dateModified":"2025-02-23","mainEntityOfPage":"https:\/\/www.zemezena.cz\/utulnejsi-a-zarivejsi-interier\/","author":{"@type":"Person","@id":"https:\/\/www.zemezena.cz\/author\/#Person","name":"","url":"https:\/\/www.zemezena.cz\/author\/","identifier":1,"image":{"@type":"ImageObject","@id":"https:\/\/secure.gravatar.com\/avatar\/da76ffe9456a057fb26f92cd8eb3d2effca853864e9ae2a35290bd1e10b1f7d4?s=96&d=mm&r=g","url":"https:\/\/secure.gravatar.com\/avatar\/da76ffe9456a057fb26f92cd8eb3d2effca853864e9ae2a35290bd1e10b1f7d4?s=96&d=mm&r=g","height":96,"width":96}},"publisher":{"@type":"Organization","name":"zemezena.cz","logo":{"@type":"ImageObject","@id":"\/logo.png","url":"\/logo.png","width":600,"height":60}},"image":null,"wordCount":211,"keywords":null}]},{"@context":"https:\/\/schema.org","@type":"WebSite","@id":"https:\/\/www.zemezena.cz\/#website","name":"Zem\u011b \u017eena","url":"https:\/\/www.zemezena.cz","potentialAction":{"@type":"SearchAction","target":"https:\/\/www.zemezena.cz\/?s={search_term_string}","query-input":"required name=search_term_string"}}]