[{"@context":"https:\/\/schema.org\/","@type":"Article","@id":"https:\/\/www.zemezena.cz\/necitite-li-se-na-generalni-uklid-sverte-jej-profesionalum\/#Article","mainEntityOfPage":"https:\/\/www.zemezena.cz\/necitite-li-se-na-generalni-uklid-sverte-jej-profesionalum\/","headline":"Nec\u00edt\u00edte-li se na gener\u00e1ln\u00ed \u00faklid, sv\u011b\u0159te jej profesion\u00e1l\u016fm","name":"Nec\u00edt\u00edte-li se na gener\u00e1ln\u00ed \u00faklid, sv\u011b\u0159te jej profesion\u00e1l\u016fm","description":"Zd\u011bdili jste po rodi\u010d\u00edch rodinn\u00fd d\u016fm a cht\u011bli byste se tam p\u0159est\u011bhovat z m\u011bstsk\u00e9ho bytu? Je to nap\u0159\u00edklad situace, kdy v dom\u011b bydlel v\u00e1\u0161 otec, kter\u00fd n\u00e1hle zem\u0159el, a odk\u00e1zal v\u00e1m objekt v r\u00e1mci d\u011bdictv\u00ed? Pokud v dom\u011b nebude nutn\u00e9 prov\u00e1d\u011bt z\u00e1sadn\u00ed stavebn\u00ed pr\u00e1ce nap\u0159\u00edklad v r\u00e1mci rekonstrukce, a posta\u010d\u00ed jej pouze vymalovat a polo\u017eit [&hellip;]","datePublished":"2023-12-15","dateModified":"2024-04-19","author":{"@type":"Person","@id":"https:\/\/www.zemezena.cz\/author\/#Person","name":"","url":"https:\/\/www.zemezena.cz\/author\/","identifier":1,"image":{"@type":"ImageObject","@id":"https:\/\/secure.gravatar.com\/avatar\/da76ffe9456a057fb26f92cd8eb3d2effca853864e9ae2a35290bd1e10b1f7d4?s=96&d=mm&r=g","url":"https:\/\/secure.gravatar.com\/avatar\/da76ffe9456a057fb26f92cd8eb3d2effca853864e9ae2a35290bd1e10b1f7d4?s=96&d=mm&r=g","height":96,"width":96}},"publisher":{"@type":"Organization","name":"zemezena.cz","logo":{"@type":"ImageObject","@id":"\/logo.png","url":"\/logo.png","width":600,"height":60}},"image":{"@type":"ImageObject","@id":"https:\/\/www.zemezena.cz\/wp-content\/uploads\/blinds-5928692_640_1.jpg","url":"https:\/\/www.zemezena.cz\/wp-content\/uploads\/blinds-5928692_640_1.jpg","height":0,"width":0},"url":"https:\/\/www.zemezena.cz\/necitite-li-se-na-generalni-uklid-sverte-jej-profesionalum\/","about":["Www"],"wordCount":412,"articleBody":"       Zd\u011bdili jste po rodi\u010d\u00edch rodinn\u00fd d\u016fm a cht\u011bli byste se tam p\u0159est\u011bhovat z m\u011bstsk\u00e9ho bytu? Je to nap\u0159\u00edklad situace, kdy v dom\u011b bydlel v\u00e1\u0161 otec, kter\u00fd n\u00e1hle zem\u0159el, a odk\u00e1zal v\u00e1m objekt v r\u00e1mci d\u011bdictv\u00ed? Pokud v dom\u011b nebude nutn\u00e9 prov\u00e1d\u011bt z\u00e1sadn\u00ed stavebn\u00ed pr\u00e1ce nap\u0159\u00edklad v r\u00e1mci rekonstrukce, a posta\u010d\u00ed jej pouze vymalovat a polo\u017eit nov\u00e9 koberce, pak v\u00e1m nic nebr\u00e1n\u00ed v tom, za\u010d\u00edt okam\u017eit\u011b jednat.Nejprve zajist\u00edte ve\u0161ker\u00e9 administrativn\u00ed z\u00e1le\u017eitosti, jako jsou nov\u00e9 doklady v souvislosti se zm\u011bnou trval\u00e9ho pobytu, smlouvy s dodavateli energi\u00ed, ukon\u010den\u00ed n\u00e1jemn\u00ed smlouvy v m\u011bstsk\u00e9m byt\u011b, a pak se pust\u00edte do st\u011bhov\u00e1n\u00ed a malov\u00e1n\u00ed domu. Pokud to p\u016fjde, mal\u00ed\u0159sk\u00e9 pr\u00e1ce prov\u00e1d\u011bjte je\u0161t\u011b v dob\u011b, kdy tu nejste nast\u011bhovan\u00ed, a pot\u00e9 sv\u011b\u0159te gener\u00e1ln\u00ed \u00faklid \u00faklidov\u00e9 firm\u011b. Jak\u00e9 tento postup p\u0159in\u00e1\u0161\u00ed v\u00fdhody?Malov\u00e1n\u00ed s \u00faklidem je d\u0159ina \u2013 pokud si chcete vymalovat sami, a bude nutn\u00e9 odstranit star\u00fd n\u00e1t\u011br, bude to po\u0159\u00e1dn\u00e1 fu\u0161ka. \u0160kr\u00e1b\u00e1n\u00ed star\u00e9 malby obn\u00e1\u0161\u00ed spoustu nepo\u0159\u00e1dku, po\u010d\u00edtejte s t\u00edm, \u017ee polotekut\u00e9 bl\u00e1t\u00ed\u010dko bude doslova v\u0161ude, a uklidit to, m\u016f\u017ee b\u00fdt nad va\u0161e s\u00edly. \u00daklid po malov\u00e1n\u00ed v\u017edy pat\u0159\u00ed mezi nejobt\u00ed\u017en\u011bj\u0161\u00ed \u00faklidov\u00e9 pr\u00e1ce.Z\u00edsk\u00e1te \u010das \u2013 zat\u00edmco \u00faklidov\u00e1 firma bude objekt d\u00e1vat do po\u0159\u00e1dku, vy si mezit\u00edm v poklidu budete balit v\u011bci a t\u0159\u00eddit je na to, co p\u0159est\u011bhujete, a co se bude odv\u00e1\u017eet na sb\u011brn\u00fd dv\u016fr. Podobn\u00e9 to bude i v dom\u011b, tam se tak\u00e9 proberete v\u011bcmi, co tu po sob\u011b nebo\u017et\u00edk zanechal, a rozt\u0159\u00edd\u00edte je.Myt\u00ed oken \u2013 v rodinn\u00fdch domech b\u00fdv\u00e1 velmi mnoho oken a n\u011bkter\u00e9 jsou i ve vy\u0161\u0161\u00edch patrech, co\u017e b\u00fdv\u00e1 p\u0159i jejich um\u00fdv\u00e1n\u00ed i riskantn\u00ed. \u00daklidov\u00e1 firma si porad\u00ed i s touto \u010dinnost\u00ed nez\u00e1visle na tom, kolik oken tu je, a jak jsou velk\u00e1.Koberce \u2013 jsou-li v dom\u011b zachoval\u00e9 kusov\u00e9 i metr\u00e1\u017eov\u00e9 koberce, anebo sedac\u00ed soupravy s hezk\u00fdm \u010daloun\u011bn\u00edm, kter\u00e9 si tu chcete ponechat, pov\u011b\u0159te \u00faklidovou firmu jejich d\u016fkladn\u00fdm vy\u010di\u0161t\u011bn\u00edm.                                                                                                                                                                                                                                                                                                                                                                                          3.7\/5 - (3 votes)        "},{"@context":"https:\/\/schema.org\/","@type":"BreadcrumbList","itemListElement":[{"@type":"ListItem","position":1,"name":"Nec\u00edt\u00edte-li se na gener\u00e1ln\u00ed \u00faklid, sv\u011b\u0159te jej profesion\u00e1l\u016fm","item":"https:\/\/www.zemezena.cz\/necitite-li-se-na-generalni-uklid-sverte-jej-profesionalum\/#breadcrumbitem"}]}]