{"@context":"https:\/\/schema.org\/","@type":"CollectionPage","@id":"https:\/\/www.zemezena.cz\/nakupy\/#CollectionPage","headline":"N\u00e1kupy Category","description":"","url":"https:\/\/www.zemezena.cz\/nakupy\/","hasPart":[{"@type":"Article","@id":"https:\/\/www.zemezena.cz\/lepici-pasky-jsou-soucasti-naseho-zivota\/","headline":"Lepic\u00ed p\u00e1sky jsou sou\u010d\u00e1st\u00ed na\u0161eho \u017eivota","url":"https:\/\/www.zemezena.cz\/lepici-pasky-jsou-soucasti-naseho-zivota\/","datePublished":"2021-06-20","dateModified":"2023-05-01","mainEntityOfPage":"https:\/\/www.zemezena.cz\/lepici-pasky-jsou-soucasti-naseho-zivota\/","author":{"@type":"Person","@id":"https:\/\/www.zemezena.cz\/author\/#Person","name":"","url":"https:\/\/www.zemezena.cz\/author\/","identifier":1,"image":{"@type":"ImageObject","@id":"https:\/\/secure.gravatar.com\/avatar\/da76ffe9456a057fb26f92cd8eb3d2effca853864e9ae2a35290bd1e10b1f7d4?s=96&d=mm&r=g","url":"https:\/\/secure.gravatar.com\/avatar\/da76ffe9456a057fb26f92cd8eb3d2effca853864e9ae2a35290bd1e10b1f7d4?s=96&d=mm&r=g","height":96,"width":96}},"publisher":{"@type":"Organization","name":"zemezena.cz","logo":{"@type":"ImageObject","@id":"\/logo.png","url":"\/logo.png","width":600,"height":60}},"image":{"@type":"ImageObject","@id":"https:\/\/www.zemezena.cz\/wp-content\/uploads\/%C5%A1ed%C3%A1%20lepic%C3%AD%20p%C3%A1ska.JPG","url":"https:\/\/www.zemezena.cz\/wp-content\/uploads\/%C5%A1ed%C3%A1%20lepic%C3%AD%20p%C3%A1ska.JPG","height":0,"width":0},"keywords":null},{"@type":"Article","@id":"https:\/\/www.zemezena.cz\/lepsi-postava-diky-pravidelnemu-cviceni\/","headline":"Lep\u0161\u00ed postava d\u00edky pravideln\u00e9mu cvi\u010den\u00ed","url":"https:\/\/www.zemezena.cz\/lepsi-postava-diky-pravidelnemu-cviceni\/","datePublished":"2021-05-15","dateModified":"2023-05-01","mainEntityOfPage":"https:\/\/www.zemezena.cz\/lepsi-postava-diky-pravidelnemu-cviceni\/","author":{"@type":"Person","@id":"https:\/\/www.zemezena.cz\/author\/#Person","name":"","url":"https:\/\/www.zemezena.cz\/author\/","identifier":1,"image":{"@type":"ImageObject","@id":"https:\/\/secure.gravatar.com\/avatar\/da76ffe9456a057fb26f92cd8eb3d2effca853864e9ae2a35290bd1e10b1f7d4?s=96&d=mm&r=g","url":"https:\/\/secure.gravatar.com\/avatar\/da76ffe9456a057fb26f92cd8eb3d2effca853864e9ae2a35290bd1e10b1f7d4?s=96&d=mm&r=g","height":96,"width":96}},"publisher":{"@type":"Organization","name":"zemezena.cz","logo":{"@type":"ImageObject","@id":"\/logo.png","url":"\/logo.png","width":600,"height":60}},"image":{"@type":"ImageObject","@id":"https:\/\/www.zemezena.cz\/wp-content\/uploads\/Trampol%C3%ADna_8.jpg","url":"https:\/\/www.zemezena.cz\/wp-content\/uploads\/Trampol%C3%ADna_8.jpg","height":0,"width":0},"keywords":null},{"@type":"Article","@id":"https:\/\/www.zemezena.cz\/co-je-to-plsteni\/","headline":"Co je to plst\u011bn\u00ed?","url":"https:\/\/www.zemezena.cz\/co-je-to-plsteni\/","datePublished":"2021-04-29","dateModified":"2024-06-05","mainEntityOfPage":"https:\/\/www.zemezena.cz\/co-je-to-plsteni\/","author":{"@type":"Person","@id":"https:\/\/www.zemezena.cz\/author\/#Person","name":"","url":"https:\/\/www.zemezena.cz\/author\/","identifier":1,"image":{"@type":"ImageObject","@id":"https:\/\/secure.gravatar.com\/avatar\/da76ffe9456a057fb26f92cd8eb3d2effca853864e9ae2a35290bd1e10b1f7d4?s=96&d=mm&r=g","url":"https:\/\/secure.gravatar.com\/avatar\/da76ffe9456a057fb26f92cd8eb3d2effca853864e9ae2a35290bd1e10b1f7d4?s=96&d=mm&r=g","height":96,"width":96}},"publisher":{"@type":"Organization","name":"zemezena.cz","logo":{"@type":"ImageObject","@id":"\/logo.png","url":"\/logo.png","width":600,"height":60}},"image":{"@type":"ImageObject","@id":"https:\/\/www.zemezena.cz\/wp-content\/uploads\/shoes-139899_1280.jpg","url":"https:\/\/www.zemezena.cz\/wp-content\/uploads\/shoes-139899_1280.jpg","height":0,"width":0},"keywords":null},{"@type":"Article","@id":"https:\/\/www.zemezena.cz\/jak-to-zabalit\/","headline":"Jak to zabalit?","url":"https:\/\/www.zemezena.cz\/jak-to-zabalit\/","datePublished":"2021-03-19","dateModified":"2021-03-19","mainEntityOfPage":"https:\/\/www.zemezena.cz\/jak-to-zabalit\/","author":{"@type":"Person","@id":"https:\/\/www.zemezena.cz\/author\/#Person","name":"","url":"https:\/\/www.zemezena.cz\/author\/","identifier":1,"image":{"@type":"ImageObject","@id":"https:\/\/secure.gravatar.com\/avatar\/da76ffe9456a057fb26f92cd8eb3d2effca853864e9ae2a35290bd1e10b1f7d4?s=96&d=mm&r=g","url":"https:\/\/secure.gravatar.com\/avatar\/da76ffe9456a057fb26f92cd8eb3d2effca853864e9ae2a35290bd1e10b1f7d4?s=96&d=mm&r=g","height":96,"width":96}},"publisher":{"@type":"Organization","name":"zemezena.cz","logo":{"@type":"ImageObject","@id":"\/logo.png","url":"\/logo.png","width":600,"height":60}},"image":{"@type":"ImageObject","@id":"https:\/\/www.zemezena.cz\/wp-content\/uploads\/pr%C3%A1zdn%C3%A9%20krabice_2.jpg","url":"https:\/\/www.zemezena.cz\/wp-content\/uploads\/pr%C3%A1zdn%C3%A9%20krabice_2.jpg","height":0,"width":0},"keywords":null},{"@type":"Article","@id":"https:\/\/www.zemezena.cz\/jak-casto-jste-na-socialnich-sitich\/","headline":"Jak \u010dasto jste na soci\u00e1ln\u00edch s\u00edt\u00edch?","url":"https:\/\/www.zemezena.cz\/jak-casto-jste-na-socialnich-sitich\/","datePublished":"2021-03-15","dateModified":"2023-05-01","mainEntityOfPage":"https:\/\/www.zemezena.cz\/jak-casto-jste-na-socialnich-sitich\/","author":{"@type":"Person","@id":"https:\/\/www.zemezena.cz\/author\/#Person","name":"","url":"https:\/\/www.zemezena.cz\/author\/","identifier":1,"image":{"@type":"ImageObject","@id":"https:\/\/secure.gravatar.com\/avatar\/da76ffe9456a057fb26f92cd8eb3d2effca853864e9ae2a35290bd1e10b1f7d4?s=96&d=mm&r=g","url":"https:\/\/secure.gravatar.com\/avatar\/da76ffe9456a057fb26f92cd8eb3d2effca853864e9ae2a35290bd1e10b1f7d4?s=96&d=mm&r=g","height":96,"width":96}},"publisher":{"@type":"Organization","name":"zemezena.cz","logo":{"@type":"ImageObject","@id":"\/logo.png","url":"\/logo.png","width":600,"height":60}},"image":{"@type":"ImageObject","@id":"https:\/\/www.zemezena.cz\/wp-content\/uploads\/%C4%8Dlov%C4%9Bk%20na%20mobilu.jpg","url":"https:\/\/www.zemezena.cz\/wp-content\/uploads\/%C4%8Dlov%C4%9Bk%20na%20mobilu.jpg","height":0,"width":0},"keywords":null},{"@type":"Article","@id":"https:\/\/www.zemezena.cz\/vitaminy-ktere-potrebujeme-k-zivotu\/","headline":"Vitam\u00edny, kter\u00e9 pot\u0159ebujeme k \u017eivotu","url":"https:\/\/www.zemezena.cz\/vitaminy-ktere-potrebujeme-k-zivotu\/","datePublished":"2021-02-28","dateModified":"2023-08-18","mainEntityOfPage":"https:\/\/www.zemezena.cz\/vitaminy-ktere-potrebujeme-k-zivotu\/","author":{"@type":"Person","@id":"https:\/\/www.zemezena.cz\/author\/#Person","name":"","url":"https:\/\/www.zemezena.cz\/author\/","identifier":1,"image":{"@type":"ImageObject","@id":"https:\/\/secure.gravatar.com\/avatar\/da76ffe9456a057fb26f92cd8eb3d2effca853864e9ae2a35290bd1e10b1f7d4?s=96&d=mm&r=g","url":"https:\/\/secure.gravatar.com\/avatar\/da76ffe9456a057fb26f92cd8eb3d2effca853864e9ae2a35290bd1e10b1f7d4?s=96&d=mm&r=g","height":96,"width":96}},"publisher":{"@type":"Organization","name":"zemezena.cz","logo":{"@type":"ImageObject","@id":"\/logo.png","url":"\/logo.png","width":600,"height":60}},"image":{"@type":"ImageObject","@id":"https:\/\/www.zemezena.cz\/wp-content\/uploads\/capsule.jpg","url":"https:\/\/www.zemezena.cz\/wp-content\/uploads\/capsule.jpg","height":0,"width":0},"keywords":null},{"@type":"Article","@id":"https:\/\/www.zemezena.cz\/co-dokaze-piskovacka-a-na-jake-materialy-ji-lze-pouzit\/","headline":"Co dok\u00e1\u017ee p\u00edskova\u010dka a na jak\u00e9 materi\u00e1ly ji lze pou\u017e\u00edt?","url":"https:\/\/www.zemezena.cz\/co-dokaze-piskovacka-a-na-jake-materialy-ji-lze-pouzit\/","datePublished":"2021-02-23","dateModified":"2023-05-01","mainEntityOfPage":"https:\/\/www.zemezena.cz\/co-dokaze-piskovacka-a-na-jake-materialy-ji-lze-pouzit\/","author":{"@type":"Person","@id":"https:\/\/www.zemezena.cz\/author\/#Person","name":"","url":"https:\/\/www.zemezena.cz\/author\/","identifier":1,"image":{"@type":"ImageObject","@id":"https:\/\/secure.gravatar.com\/avatar\/da76ffe9456a057fb26f92cd8eb3d2effca853864e9ae2a35290bd1e10b1f7d4?s=96&d=mm&r=g","url":"https:\/\/secure.gravatar.com\/avatar\/da76ffe9456a057fb26f92cd8eb3d2effca853864e9ae2a35290bd1e10b1f7d4?s=96&d=mm&r=g","height":96,"width":96}},"publisher":{"@type":"Organization","name":"zemezena.cz","logo":{"@type":"ImageObject","@id":"\/logo.png","url":"\/logo.png","width":600,"height":60}},"image":{"@type":"ImageObject","@id":"https:\/\/www.zemezena.cz\/wp-content\/uploads\/pexels-photo-1038259.jpeg","url":"https:\/\/www.zemezena.cz\/wp-content\/uploads\/pexels-photo-1038259.jpeg","height":0,"width":0},"keywords":null},{"@type":"Article","@id":"https:\/\/www.zemezena.cz\/stihlost-uz-neni-jen-vysadou-vyvolenych\/","headline":"\u0160t\u00edhlost u\u017e nen\u00ed jen v\u00fdsadou vyvolen\u00fdch","url":"https:\/\/www.zemezena.cz\/stihlost-uz-neni-jen-vysadou-vyvolenych\/","datePublished":"2020-12-13","dateModified":"2023-11-06","mainEntityOfPage":"https:\/\/www.zemezena.cz\/stihlost-uz-neni-jen-vysadou-vyvolenych\/","author":{"@type":"Person","@id":"https:\/\/www.zemezena.cz\/author\/#Person","name":"","url":"https:\/\/www.zemezena.cz\/author\/","identifier":1,"image":{"@type":"ImageObject","@id":"https:\/\/secure.gravatar.com\/avatar\/da76ffe9456a057fb26f92cd8eb3d2effca853864e9ae2a35290bd1e10b1f7d4?s=96&d=mm&r=g","url":"https:\/\/secure.gravatar.com\/avatar\/da76ffe9456a057fb26f92cd8eb3d2effca853864e9ae2a35290bd1e10b1f7d4?s=96&d=mm&r=g","height":96,"width":96}},"publisher":{"@type":"Organization","name":"zemezena.cz","logo":{"@type":"ImageObject","@id":"\/logo.png","url":"\/logo.png","width":600,"height":60}},"image":{"@type":"ImageObject","@id":"https:\/\/www.zemezena.cz\/wp-content\/uploads\/Nucen%C3%A9%20cvi%C4%8Den%C3%AD.jpg","url":"https:\/\/www.zemezena.cz\/wp-content\/uploads\/Nucen%C3%A9%20cvi%C4%8Den%C3%AD.jpg","height":0,"width":0},"keywords":null},{"@type":"Article","@id":"https:\/\/www.zemezena.cz\/kuchyne-ve-ktere-se-bude-dobre-varit-i-zit\/","headline":"Kuchyn\u011b, ve kter\u00e9 se bude dob\u0159e va\u0159it i \u017e\u00edt","url":"https:\/\/www.zemezena.cz\/kuchyne-ve-ktere-se-bude-dobre-varit-i-zit\/","datePublished":"2020-11-22","dateModified":"2023-05-01","mainEntityOfPage":"https:\/\/www.zemezena.cz\/kuchyne-ve-ktere-se-bude-dobre-varit-i-zit\/","author":{"@type":"Person","@id":"https:\/\/www.zemezena.cz\/author\/#Person","name":"","url":"https:\/\/www.zemezena.cz\/author\/","identifier":1,"image":{"@type":"ImageObject","@id":"https:\/\/secure.gravatar.com\/avatar\/da76ffe9456a057fb26f92cd8eb3d2effca853864e9ae2a35290bd1e10b1f7d4?s=96&d=mm&r=g","url":"https:\/\/secure.gravatar.com\/avatar\/da76ffe9456a057fb26f92cd8eb3d2effca853864e9ae2a35290bd1e10b1f7d4?s=96&d=mm&r=g","height":96,"width":96}},"publisher":{"@type":"Organization","name":"zemezena.cz","logo":{"@type":"ImageObject","@id":"\/logo.png","url":"\/logo.png","width":600,"height":60}},"image":{"@type":"ImageObject","@id":"https:\/\/www.zemezena.cz\/wp-content\/uploads\/spole%C4%8Dn%C3%A9%20va%C5%99en%C3%AD_2.jpg","url":"https:\/\/www.zemezena.cz\/wp-content\/uploads\/spole%C4%8Dn%C3%A9%20va%C5%99en%C3%AD_2.jpg","height":0,"width":0},"keywords":null},{"@type":"Article","@id":"https:\/\/www.zemezena.cz\/presnost-ve-strojirenstvi\/","headline":"P\u0159esnost ve stroj\u00edrenstv\u00ed","url":"https:\/\/www.zemezena.cz\/presnost-ve-strojirenstvi\/","datePublished":"2020-11-01","dateModified":"2023-05-01","mainEntityOfPage":"https:\/\/www.zemezena.cz\/presnost-ve-strojirenstvi\/","author":{"@type":"Person","@id":"https:\/\/www.zemezena.cz\/author\/#Person","name":"","url":"https:\/\/www.zemezena.cz\/author\/","identifier":1,"image":{"@type":"ImageObject","@id":"https:\/\/secure.gravatar.com\/avatar\/da76ffe9456a057fb26f92cd8eb3d2effca853864e9ae2a35290bd1e10b1f7d4?s=96&d=mm&r=g","url":"https:\/\/secure.gravatar.com\/avatar\/da76ffe9456a057fb26f92cd8eb3d2effca853864e9ae2a35290bd1e10b1f7d4?s=96&d=mm&r=g","height":96,"width":96}},"publisher":{"@type":"Organization","name":"zemezena.cz","logo":{"@type":"ImageObject","@id":"\/logo.png","url":"\/logo.png","width":600,"height":60}},"image":{"@type":"ImageObject","@id":"https:\/\/www.zemezena.cz\/wp-content\/uploads\/posuvn%C3%A9%20m%C4%9B%C5%99%C3%ADtko_3.jpg","url":"https:\/\/www.zemezena.cz\/wp-content\/uploads\/posuvn%C3%A9%20m%C4%9B%C5%99%C3%ADtko_3.jpg","height":0,"width":0},"keywords":null}]}