[{"@context":"https:\/\/schema.org\/","@type":"Article","@id":"https:\/\/www.zemezena.cz\/cim-vubec-jsou-to-ty-mobilni-domy\/#Article","mainEntityOfPage":"https:\/\/www.zemezena.cz\/cim-vubec-jsou-to-ty-mobilni-domy\/","headline":"\u010c\u00edm v\u016fbec jsou to ty mobiln\u00ed domy?","name":"\u010c\u00edm v\u016fbec jsou to ty mobiln\u00ed domy?","description":"Fenom\u00e9n mobiln\u00edch dom\u016f za\u010dal vznikat ve dvac\u00e1t\u00fdch letech minul\u00e9ho stolet\u00ed ve Spojen\u00fdch st\u00e1tech americk\u00fdch. Tamn\u00ed situaci notn\u011b podpo\u0159ila pot\u0159eba cestovat za prac\u00ed. Nejd\u0159\u00edve se Ameri\u010dani vrhli na obytn\u00e9 karavany. Ty se neust\u00e1le zv\u011bt\u0161ovaly, a\u017e dos\u00e1hly rozm\u011br\u016f, p\u0159i kter\u00fdch s nimi nebylo tak jednoduch\u00e9 cestovat. Nar\u016fstaj\u00edc\u00ed d\u00e9lka a p\u0159edev\u0161\u00edm jejich hmotnost byly veli\u010diny, se kter\u00fdmi si [&hellip;]","datePublished":"2022-02-28","dateModified":"2023-05-01","author":{"@type":"Person","@id":"https:\/\/www.zemezena.cz\/author\/#Person","name":"","url":"https:\/\/www.zemezena.cz\/author\/","identifier":1,"image":{"@type":"ImageObject","@id":"https:\/\/secure.gravatar.com\/avatar\/da76ffe9456a057fb26f92cd8eb3d2effca853864e9ae2a35290bd1e10b1f7d4?s=96&d=mm&r=g","url":"https:\/\/secure.gravatar.com\/avatar\/da76ffe9456a057fb26f92cd8eb3d2effca853864e9ae2a35290bd1e10b1f7d4?s=96&d=mm&r=g","height":96,"width":96}},"publisher":{"@type":"Organization","name":"zemezena.cz","logo":{"@type":"ImageObject","@id":"\/logo.png","url":"\/logo.png","width":600,"height":60}},"image":{"@type":"ImageObject","@id":"https:\/\/www.zemezena.cz\/wp-content\/uploads\/kitchen-ga0ac4e74e_640_3.jpg","url":"https:\/\/www.zemezena.cz\/wp-content\/uploads\/kitchen-ga0ac4e74e_640_3.jpg","height":0,"width":0},"url":"https:\/\/www.zemezena.cz\/cim-vubec-jsou-to-ty-mobilni-domy\/","about":["N\u00e1kupy"],"wordCount":418,"articleBody":"   Fenom\u00e9n mobiln\u00edch dom\u016f za\u010dal vznikat ve dvac\u00e1t\u00fdch letech minul\u00e9ho stolet\u00ed ve Spojen\u00fdch st\u00e1tech americk\u00fdch. Tamn\u00ed situaci notn\u011b podpo\u0159ila pot\u0159eba cestovat za prac\u00ed. Nejd\u0159\u00edve se Ameri\u010dani vrhli na obytn\u00e9 karavany. Ty se neust\u00e1le zv\u011bt\u0161ovaly, a\u017e dos\u00e1hly rozm\u011br\u016f, p\u0159i kter\u00fdch s nimi nebylo tak jednoduch\u00e9 cestovat. Nar\u016fstaj\u00edc\u00ed d\u00e9lka a p\u0159edev\u0161\u00edm jejich hmotnost byly veli\u010diny, se kter\u00fdmi si ani siln\u011bj\u0161\u00ed vozy nedok\u00e1zaly poradit.Proto vznikly je\u0161t\u011b v\u011bt\u0161\u00ed obytn\u00e9 mobiln\u00ed domy, kter\u00e9 se u\u017e nep\u0159ev\u00e1\u017eely za osobn\u00edmi auty, ale na nov\u00e9 m\u00edsto bydli\u0161t\u011b si je majitel nechal p\u0159ev\u00e1\u017eet za n\u00e1kladn\u00edmi vozy \u010di traktory.Takov\u00fd mobiln\u00ed d\u016fm u\u017e poskytoval tak vysok\u00fd \u017eivotn\u00ed komfort, \u017ee se probl\u00e9my s jeho p\u0159epravou se staly b\u00fdt opodstatn\u011bn\u00e9. Nab\u00edzely v\u0161echno. Lo\u017enici, kuchy\u0148, ob\u00fdvac\u00ed m\u00edstnost i koupelnu se soci\u00e1ln\u00edm za\u0159\u00edzen\u00edm.Postupem \u010dasu se komfort st\u00e1le zv\u011bt\u0161oval a spolu s n\u00edm se zv\u011bt\u0161oval i okruh z\u00e1jemc\u016f, kte\u0159\u00ed v takov\u00e9m mobiln\u00edm dom\u011b cht\u011bli bydlet. V\u00fdroba mobiln\u00edch dom\u016f se proto brzy p\u0159eklopila od v\u00fdroby jednotliv\u00fdch dom\u016f na zak\u00e1zku do velkos\u00e9riov\u00fdch produkc\u00ed. N\u00e1klady na v\u00fdrobu jednotliv\u00fdch dom\u016f se sni\u017eovala a prodejn\u00ed cena t\u00edm p\u00e1dem s n\u00ed. Najednou se z bydlen\u00ed v mobiln\u00edm dom\u011b stalo cenov\u011b nejdostupn\u011bj\u0161\u00edm \u0159e\u0161en\u00edm, vlastn\u00edho bydlen\u00ed.Ze Spojen\u00fdch st\u00e1t\u016f se popularita mobiln\u00edch dom\u016f p\u0159elila p\u0159es oce\u00e1n do evropsk\u00fdch zem\u00ed, p\u0159edev\u0161\u00edm Holandska a Belgie. Odtud se lavinovit\u011b \u0161\u00ed\u0159ila d\u00e1l, p\u0159edev\u0161\u00edm do Francie a Velk\u00e9 Brit\u00e1nie. K n\u00e1m dorazily prvn\u00ed mobiln\u00ed domy brzy po revoluci.Z po\u010d\u00e1tku bylo u n\u00e1s mo\u017en\u00e9 postavit si mobiln\u00ed d\u016fm tak\u0159ka kdekoliv, jeliko\u017e legislativa neznala pojem mobiln\u00ed d\u016fm, \u010di mobiln\u00ed bydlen\u00ed. Popularita mobiln\u00edch dom\u016f si v\u0161ak vy\u017e\u00e1dala \u00fapravu legislativy a ta za\u010dala pou\u017e\u00edvat, krom\u011b term\u00ednu stavba i term\u00edn \u201eV\u00fdrobek pln\u00edc\u00ed funkci stavby\u201c. Svoboda s nakl\u00e1d\u00e1n\u00edm s mobiln\u00edmi domy vzala za sv\u00e9, ale na druhou stranu tato pr\u00e1vn\u00ed \u00faprava ud\u011blala kolec s \u017eiveln\u00fdm usazov\u00e1n\u00edm mobiln\u00edch dom\u016f, mnohdy i na ciz\u00edch pozemc\u00edch.                                                                                                                                                                                                                                                                                                                                                                                          3\/5 - (2 votes)        "},{"@context":"https:\/\/schema.org\/","@type":"BreadcrumbList","itemListElement":[{"@type":"ListItem","position":1,"name":"\u010c\u00edm v\u016fbec jsou to ty mobiln\u00ed domy?","item":"https:\/\/www.zemezena.cz\/cim-vubec-jsou-to-ty-mobilni-domy\/#breadcrumbitem"}]}]