[{"@context":"https:\/\/schema.org\/","@type":"Article","@id":"https:\/\/www.zemezena.cz\/bajecna-dovolena-na-jihu-cech-u-vody-a-v-kempu\/#Article","mainEntityOfPage":"https:\/\/www.zemezena.cz\/bajecna-dovolena-na-jihu-cech-u-vody-a-v-kempu\/","headline":"B\u00e1je\u010dn\u00e1 dovolen\u00e1 na jihu \u010cech u vody a v kempu","name":"B\u00e1je\u010dn\u00e1 dovolen\u00e1 na jihu \u010cech u vody a v kempu","description":"\u017divotn\u00ed \u00farove\u0148 se u v\u011bt\u0161iny obyvatel \u010ceska od sametov\u00e9 revoluce zv\u00fd\u0161ila a dnes nep\u0159edstavuje probl\u00e9m koncipovat dovolenou jako hotelov\u00fd pobyt nebo formou pron\u00e1jmu rekrea\u010dn\u00ed chalupy. P\u0159esto se n\u011bkte\u0159\u00ed z\u00a0n\u00e1s st\u00e1le vrac\u00ed na stejn\u00e1 m\u00edsta do kemp\u016f &#8211; do mal\u00fdch d\u0159ev\u011bn\u00fdch chatek nebo dokonce pod stan \u010di karavan. Hanliv\u00fd v\u00fdraz \u201elidov\u00e1 dovolen\u00e1\u201c v\u0161ak postr\u00e1d\u00e1 m\u00edt smysl [&hellip;]","datePublished":"2025-03-03","dateModified":"2023-05-01","author":{"@type":"Person","@id":"https:\/\/www.zemezena.cz\/author\/#Person","name":"","url":"https:\/\/www.zemezena.cz\/author\/","identifier":1,"image":{"@type":"ImageObject","@id":"https:\/\/secure.gravatar.com\/avatar\/da76ffe9456a057fb26f92cd8eb3d2effca853864e9ae2a35290bd1e10b1f7d4?s=96&d=mm&r=g","url":"https:\/\/secure.gravatar.com\/avatar\/da76ffe9456a057fb26f92cd8eb3d2effca853864e9ae2a35290bd1e10b1f7d4?s=96&d=mm&r=g","height":96,"width":96}},"publisher":{"@type":"Organization","name":"zemezena.cz","logo":{"@type":"ImageObject","@id":"\/logo.png","url":"\/logo.png","width":600,"height":60}},"image":{"@type":"ImageObject","@id":"https:\/\/www.zemezena.cz\/wp-content\/uploads\/img_a341462_w2606_t1554044823.jpg","url":"https:\/\/www.zemezena.cz\/wp-content\/uploads\/img_a341462_w2606_t1554044823.jpg","height":0,"width":0},"url":"https:\/\/www.zemezena.cz\/bajecna-dovolena-na-jihu-cech-u-vody-a-v-kempu\/","about":["Dovolen\u00e1"],"wordCount":409,"articleBody":"\u017divotn\u00ed \u00farove\u0148 se u v\u011bt\u0161iny obyvatel \u010ceska od sametov\u00e9 revoluce zv\u00fd\u0161ila a dnes nep\u0159edstavuje probl\u00e9m koncipovat dovolenou jako hotelov\u00fd pobyt nebo formou pron\u00e1jmu rekrea\u010dn\u00ed chalupy. P\u0159esto se n\u011bkte\u0159\u00ed z\u00a0n\u00e1s st\u00e1le vrac\u00ed na stejn\u00e1 m\u00edsta do kemp\u016f &#8211; do mal\u00fdch d\u0159ev\u011bn\u00fdch chatek nebo dokonce pod stan \u010di karavan. Hanliv\u00fd v\u00fdraz \u201elidov\u00e1 dovolen\u00e1\u201c v\u0161ak postr\u00e1d\u00e1 m\u00edt smysl v\u00a0okam\u017eiku, kdy si uv\u011bdom\u00edte, \u017ee komfortn\u011b vybaven\u00fd hotel nen\u00ed v\u0161e, a \u017ee p\u0159\u00edjemn\u00e9 chv\u00edle lze tr\u00e1vit i na b\u0159ehu \u0159eky v\u00a0jiho\u010desk\u00e9m regionu.\tVyhl\u00e1\u0161en\u00e9 kempy na b\u0159ez\u00edch Lu\u017eniceAutocamp Karv\u00e1nky \u2013 vyhl\u00e1\u0161en\u00fd kemp nedaleko m\u011bsta Sob\u011bslav miluj\u00ed p\u0159edev\u0161\u00edm ryb\u00e1\u0159i a lid\u00e9, kte\u0159\u00ed by pobyt v\u00a0p\u0159\u00edrod\u011b nevym\u011bnili za nic na sv\u011bt\u011b. Je zde k\u00a0dispozici ve\u0161ker\u00e9 z\u00e1zem\u00ed v\u010detn\u011b kuchy\u0148ky, sprch a umyvadel s\u00a0teplou vodou, elektrick\u00e9 p\u0159\u00edpojky a sportovn\u00edho z\u00e1zem\u00ed. Chatky maj\u00ed vlastn\u00ed chladni\u010dku a toaletu a koupat se m\u016f\u017eete jak v\u00a0\u0159ece, tak v\u00a0rybn\u00edku. \u00a0Sob\u011bslavsko je zaj\u00edmav\u00e9 i pro rekrea\u010dn\u00ed cyklistiku a je v\u00fdchoz\u00edm bodem pro p\u016fsobiv\u00e9 celodenn\u00ed v\u00fdlety.Souken\u00edk \u2013 rekrea\u010dn\u00ed st\u0159edisko a chatov\u00e1 osada byly vybudov\u00e1ny ji\u017e p\u0159ed des\u00edtkami let na prav\u00e9m b\u0159ehu \u0159eky u jezu Souken\u00edk. Kemp vyu\u017e\u00edv\u00e1 strategick\u00e9 polohy nedaleko m\u011bsta T\u00e1bor a Sezimova \u00dast\u00ed, kam je mo\u017en\u00e9 vycestovat na jednodenn\u00ed v\u00fdlety. Krom\u011b b\u011b\u017en\u00e9ho z\u00e1zem\u00ed je tu rekreant\u016fm k\u00a0dispozici h\u0159i\u0161t\u011b na volejbal a vyhl\u00e1\u0161en\u00e1 restaurace. Kola si tu m\u016f\u017eete vyp\u016fj\u010dit a po proj\u00ed\u017e\u010fce absolvovat o\u010distnou mas\u00e1\u017e.M\u011bru\u0161e \u2013 na horn\u00edm toku Lu\u017enice bylo v\u00a0minulosti vyty\u010deno n\u011bkolik lokalit t\u011b\u017eby \u0161t\u011brkop\u00edsku, dnes je ji\u017e t\u011b\u017eba zna\u010dn\u011b omezena a v\u00a0prostor\u00e1ch b\u00fdval\u00fdch lom\u016f vznikla zatopen\u00e1 jezera. Ta jsou ka\u017ed\u00fd rok v\u00a0l\u00e9t\u011b v\u00a0oble\u017een\u00ed rekreant\u016f a v\u011bt\u0161ina z\u00a0nich je ubytov\u00e1na v\u00a0kempu M\u011bru\u0161e. Klienty jist\u011b p\u0159ekvap\u00ed p\u0159\u00edjemn\u00e9 poklidn\u00e9 a romantick\u00e9 prost\u0159ed\u00ed, kter\u00e9 je tak\u00e9 d\u016fvodem k\u00a0tomu, aby se zde zastavili na sv\u00e9 plavb\u011b vod\u00e1ci pluj\u00edc\u00ed ze Suchdola a\u017e do Dobronic u Bechyn\u011b.                                                                                                                                                                                                                                                                                                                                                                                        4\/5 - (9 votes)        "},{"@context":"https:\/\/schema.org\/","@type":"BreadcrumbList","itemListElement":[{"@type":"ListItem","position":1,"name":"B\u00e1je\u010dn\u00e1 dovolen\u00e1 na jihu \u010cech u vody a v kempu","item":"https:\/\/www.zemezena.cz\/bajecna-dovolena-na-jihu-cech-u-vody-a-v-kempu\/#breadcrumbitem"}]}]